{"id":3509,"date":"2021-11-03T22:42:53","date_gmt":"2021-11-03T22:42:53","guid":{"rendered":"https:\/\/fehv.org\/?p=3509"},"modified":"2021-11-03T22:42:55","modified_gmt":"2021-11-03T22:42:55","slug":"duration-vaccine-against-covid-19","status":"publish","type":"post","link":"https:\/\/fehv.org\/en\/duration-vaccine-against-covid-19\/","title":{"rendered":"Duration of the vaccine against the COVID-19"},"content":{"rendered":"\n<p>In this sense a study carried out in a large hospital (1,600 beds) in Israel with 4,868 workers has been published in the <a href=\"https:\/\/www.nejm.org\/\" target=\"_blank\" rel=\"noreferrer noopener\"><strong>New England Journal of Medicin<\/strong>e<\/a>. All workers were followed up after they received the second dose of the <strong><a href=\"https:\/\/fehv.org\/en\/vaccines-against-coronavirus-pfizer-moderna-and-astrazeneca\/\">vaccine<\/a><\/strong> (Pfizer). <\/p>\n\n\n\n<p>An analysis was made every 4 weeks determining the level of defenses (IgG antibodies) against the coronavirus. Peak antibody levels were reached between 4 and 30 days after the second dose of the vaccine. <\/p>\n\n\n\n<p>Later, the levels were falling, observing a significant decrease 6 months after receiving the second dose. In addition, in people over 65 years of age, the decrease in defenses was greater than that of the rest of the participants. It was also found that <strong>men had a greater drop in antibody levels<\/strong> than women.<\/p>\n\n\n\n<h2 class=\"mt-5 wp-block-heading\"><strong>Duration of the vaccine over time<\/strong><\/h2>\n\n\n\n<p>In summary, this work has shown that defenses against COVID-19 decrease significantly at 6 months after receiving the second dose of the vaccine, and this decrease is more important in people over 65 years of age. These data support the administration of a <strong><a href=\"https:\/\/fehv.org\/en\/need-third-dose-vaccine-against-coronavirus\/\">third dose of vaccine<\/a><\/strong> 6 months after the second dose.<\/p>\n\n\n\n<p class=\"texto-destacado mt-5\">If you want to know more about the Covid-19 or you need to clarify your doubts about it, <strong><a href=\"https:\/\/fehv.org\/en\/contact-us\/\">contact us<\/a><\/strong> and we will inform you.<\/p>\n","protected":false},"excerpt":{"rendered":"Although numerous studies have been published on COVID-19, works regarding the durability of post-vaccination protection are scarce.","protected":false},"author":1,"featured_media":0,"comment_status":"closed","ping_status":"closed","sticky":false,"template":"","format":"standard","meta":{"_acf_changed":false,"footnotes":""},"categories":[1541,917],"tags":[],"class_list":["post-3509","post","type-post","status-publish","format-standard","hentry","category-covid-19-en","category-health"],"acf":[],"yoast_head":"<!-- This site is optimized with the Yoast SEO Premium plugin v23.7 (Yoast SEO v23.7) - https:\/\/yoast.com\/wordpress\/plugins\/seo\/ -->\n<title>Duration of the vaccine against the COVID-19 - Cl\u00ednica FEHV<\/title>\n<meta name=\"description\" content=\"Last studies reveal that the duration of the vaccine against the COVID decreases over time in advanced age sections.\" \/>\n<meta name=\"robots\" content=\"index, follow, max-snippet:-1, max-image-preview:large, max-video-preview:-1\" \/>\n<link rel=\"canonical\" href=\"https:\/\/fehv.org\/en\/duration-vaccine-against-covid-19\/\" \/>\n<meta property=\"og:locale\" content=\"en_US\" \/>\n<meta property=\"og:type\" content=\"article\" \/>\n<meta property=\"og:title\" content=\"Duration of the vaccine against the COVID-19\" \/>\n<meta property=\"og:description\" content=\"Last studies reveal that the duration of the vaccine against the COVID decreases over time in advanced age sections.\" \/>\n<meta property=\"og:url\" content=\"https:\/\/fehv.org\/en\/duration-vaccine-against-covid-19\/\" \/>\n<meta property=\"og:site_name\" content=\"Cl\u00ednica FEHV\" \/>\n<meta property=\"article:publisher\" content=\"https:\/\/www.facebook.com\/pages\/Fundacion%20Para%20el%20Estudio%20de%20las%20Hepatitis%20Virales\/228605694153917\/\" \/>\n<meta property=\"article:published_time\" content=\"2021-11-03T22:42:53+00:00\" \/>\n<meta property=\"article:modified_time\" content=\"2021-11-03T22:42:55+00:00\" \/>\n<meta property=\"og:image\" content=\"https:\/\/fehv.org\/wp-content\/uploads\/2021\/11\/duracion-proteccion-vacuna-covid.jpg\" \/>\n\t<meta property=\"og:image:width\" content=\"1920\" \/>\n\t<meta property=\"og:image:height\" content=\"1280\" \/>\n\t<meta property=\"og:image:type\" content=\"image\/jpeg\" \/>\n<meta name=\"author\" content=\"ifranco\" \/>\n<meta name=\"twitter:card\" content=\"summary_large_image\" \/>\n<meta name=\"twitter:label1\" content=\"Written by\" \/>\n\t<meta name=\"twitter:data1\" content=\"ifranco\" \/>\n\t<meta name=\"twitter:label2\" content=\"Est. reading time\" \/>\n\t<meta name=\"twitter:data2\" content=\"1 minute\" \/>\n<script type=\"application\/ld+json\" class=\"yoast-schema-graph\">{\"@context\":\"https:\/\/schema.org\",\"@graph\":[{\"@type\":\"Article\",\"@id\":\"https:\/\/fehv.org\/en\/duration-vaccine-against-covid-19\/#article\",\"isPartOf\":{\"@id\":\"https:\/\/fehv.org\/en\/duration-vaccine-against-covid-19\/\"},\"author\":{\"name\":\"ifranco\",\"@id\":\"https:\/\/fehv.org\/#\/schema\/person\/5e92ddd4a04516dab21fb5b6fa90b777\"},\"headline\":\"Duration of the vaccine against the COVID-19\",\"datePublished\":\"2021-11-03T22:42:53+00:00\",\"dateModified\":\"2021-11-03T22:42:55+00:00\",\"mainEntityOfPage\":{\"@id\":\"https:\/\/fehv.org\/en\/duration-vaccine-against-covid-19\/\"},\"wordCount\":212,\"publisher\":{\"@id\":\"https:\/\/fehv.org\/#organization\"},\"articleSection\":[\"Covid-19\",\"Health\"],\"inLanguage\":\"en-US\"},{\"@type\":\"WebPage\",\"@id\":\"https:\/\/fehv.org\/en\/duration-vaccine-against-covid-19\/\",\"url\":\"https:\/\/fehv.org\/en\/duration-vaccine-against-covid-19\/\",\"name\":\"Duration of the vaccine against the COVID-19 - Cl\u00ednica FEHV\",\"isPartOf\":{\"@id\":\"https:\/\/fehv.org\/#website\"},\"datePublished\":\"2021-11-03T22:42:53+00:00\",\"dateModified\":\"2021-11-03T22:42:55+00:00\",\"description\":\"Last studies reveal that the duration of the vaccine against the COVID decreases over time in advanced age sections.\",\"breadcrumb\":{\"@id\":\"https:\/\/fehv.org\/en\/duration-vaccine-against-covid-19\/#breadcrumb\"},\"inLanguage\":\"en-US\",\"potentialAction\":[{\"@type\":\"ReadAction\",\"target\":[\"https:\/\/fehv.org\/en\/duration-vaccine-against-covid-19\/\"]}]},{\"@type\":\"BreadcrumbList\",\"@id\":\"https:\/\/fehv.org\/en\/duration-vaccine-against-covid-19\/#breadcrumb\",\"itemListElement\":[{\"@type\":\"ListItem\",\"position\":1,\"name\":\"Portada\",\"item\":\"https:\/\/fehv.org\/en\/\"},{\"@type\":\"ListItem\",\"position\":2,\"name\":\"Duration of the vaccine against the COVID-19\"}]},{\"@type\":\"WebSite\",\"@id\":\"https:\/\/fehv.org\/#website\",\"url\":\"https:\/\/fehv.org\/\",\"name\":\"Cl\u00ednica FEHV\",\"description\":\"Web de la Cl\u00ednica de la Fundaci\u00f3n para el Estudio de las Hepatitis Virales\",\"publisher\":{\"@id\":\"https:\/\/fehv.org\/#organization\"},\"potentialAction\":[{\"@type\":\"SearchAction\",\"target\":{\"@type\":\"EntryPoint\",\"urlTemplate\":\"https:\/\/fehv.org\/?s={search_term_string}\"},\"query-input\":{\"@type\":\"PropertyValueSpecification\",\"valueRequired\":true,\"valueName\":\"search_term_string\"}}],\"inLanguage\":\"en-US\"},{\"@type\":\"Organization\",\"@id\":\"https:\/\/fehv.org\/#organization\",\"name\":\"Fundaci\u00f3n para el Estudio de las Hepatitis Virales - FEHV\",\"url\":\"https:\/\/fehv.org\/\",\"logo\":{\"@type\":\"ImageObject\",\"inLanguage\":\"en-US\",\"@id\":\"https:\/\/fehv.org\/#\/schema\/logo\/image\/\",\"url\":\"https:\/\/fehv.org\/wp-content\/uploads\/2021\/03\/logo_fib-4.png\",\"contentUrl\":\"https:\/\/fehv.org\/wp-content\/uploads\/2021\/03\/logo_fib-4.png\",\"width\":47,\"height\":73,\"caption\":\"Fundaci\u00f3n para el Estudio de las Hepatitis Virales - FEHV\"},\"image\":{\"@id\":\"https:\/\/fehv.org\/#\/schema\/logo\/image\/\"},\"sameAs\":[\"https:\/\/www.facebook.com\/pages\/Fundacion Para el Estudio de las Hepatitis Virales\/228605694153917\/\"]},{\"@type\":\"Person\",\"@id\":\"https:\/\/fehv.org\/#\/schema\/person\/5e92ddd4a04516dab21fb5b6fa90b777\",\"name\":\"ifranco\",\"image\":{\"@type\":\"ImageObject\",\"inLanguage\":\"en-US\",\"@id\":\"https:\/\/fehv.org\/#\/schema\/person\/image\/\",\"url\":\"https:\/\/secure.gravatar.com\/avatar\/aa877054d0216c55e7104c50647e81a8?s=96&d=mm&r=g\",\"contentUrl\":\"https:\/\/secure.gravatar.com\/avatar\/aa877054d0216c55e7104c50647e81a8?s=96&d=mm&r=g\",\"caption\":\"ifranco\"}}]}<\/script>\n<!-- \/ Yoast SEO Premium plugin. -->","yoast_head_json":{"title":"Duration of the vaccine against the COVID-19 - Cl\u00ednica FEHV","description":"Last studies reveal that the duration of the vaccine against the COVID decreases over time in advanced age sections.","robots":{"index":"index","follow":"follow","max-snippet":"max-snippet:-1","max-image-preview":"max-image-preview:large","max-video-preview":"max-video-preview:-1"},"canonical":"https:\/\/fehv.org\/en\/duration-vaccine-against-covid-19\/","og_locale":"en_US","og_type":"article","og_title":"Duration of the vaccine against the COVID-19","og_description":"Last studies reveal that the duration of the vaccine against the COVID decreases over time in advanced age sections.","og_url":"https:\/\/fehv.org\/en\/duration-vaccine-against-covid-19\/","og_site_name":"Cl\u00ednica FEHV","article_publisher":"https:\/\/www.facebook.com\/pages\/Fundacion%20Para%20el%20Estudio%20de%20las%20Hepatitis%20Virales\/228605694153917\/","article_published_time":"2021-11-03T22:42:53+00:00","article_modified_time":"2021-11-03T22:42:55+00:00","og_image":[{"width":1920,"height":1280,"url":"https:\/\/fehv.org\/wp-content\/uploads\/2021\/11\/duracion-proteccion-vacuna-covid.jpg","type":"image\/jpeg"}],"author":"ifranco","twitter_card":"summary_large_image","twitter_misc":{"Written by":"ifranco","Est. reading time":"1 minute"},"schema":{"@context":"https:\/\/schema.org","@graph":[{"@type":"Article","@id":"https:\/\/fehv.org\/en\/duration-vaccine-against-covid-19\/#article","isPartOf":{"@id":"https:\/\/fehv.org\/en\/duration-vaccine-against-covid-19\/"},"author":{"name":"ifranco","@id":"https:\/\/fehv.org\/#\/schema\/person\/5e92ddd4a04516dab21fb5b6fa90b777"},"headline":"Duration of the vaccine against the COVID-19","datePublished":"2021-11-03T22:42:53+00:00","dateModified":"2021-11-03T22:42:55+00:00","mainEntityOfPage":{"@id":"https:\/\/fehv.org\/en\/duration-vaccine-against-covid-19\/"},"wordCount":212,"publisher":{"@id":"https:\/\/fehv.org\/#organization"},"articleSection":["Covid-19","Health"],"inLanguage":"en-US"},{"@type":"WebPage","@id":"https:\/\/fehv.org\/en\/duration-vaccine-against-covid-19\/","url":"https:\/\/fehv.org\/en\/duration-vaccine-against-covid-19\/","name":"Duration of the vaccine against the COVID-19 - Cl\u00ednica FEHV","isPartOf":{"@id":"https:\/\/fehv.org\/#website"},"datePublished":"2021-11-03T22:42:53+00:00","dateModified":"2021-11-03T22:42:55+00:00","description":"Last studies reveal that the duration of the vaccine against the COVID decreases over time in advanced age sections.","breadcrumb":{"@id":"https:\/\/fehv.org\/en\/duration-vaccine-against-covid-19\/#breadcrumb"},"inLanguage":"en-US","potentialAction":[{"@type":"ReadAction","target":["https:\/\/fehv.org\/en\/duration-vaccine-against-covid-19\/"]}]},{"@type":"BreadcrumbList","@id":"https:\/\/fehv.org\/en\/duration-vaccine-against-covid-19\/#breadcrumb","itemListElement":[{"@type":"ListItem","position":1,"name":"Portada","item":"https:\/\/fehv.org\/en\/"},{"@type":"ListItem","position":2,"name":"Duration of the vaccine against the COVID-19"}]},{"@type":"WebSite","@id":"https:\/\/fehv.org\/#website","url":"https:\/\/fehv.org\/","name":"Cl\u00ednica FEHV","description":"Web de la Cl\u00ednica de la Fundaci\u00f3n para el Estudio de las Hepatitis Virales","publisher":{"@id":"https:\/\/fehv.org\/#organization"},"potentialAction":[{"@type":"SearchAction","target":{"@type":"EntryPoint","urlTemplate":"https:\/\/fehv.org\/?s={search_term_string}"},"query-input":{"@type":"PropertyValueSpecification","valueRequired":true,"valueName":"search_term_string"}}],"inLanguage":"en-US"},{"@type":"Organization","@id":"https:\/\/fehv.org\/#organization","name":"Fundaci\u00f3n para el Estudio de las Hepatitis Virales - FEHV","url":"https:\/\/fehv.org\/","logo":{"@type":"ImageObject","inLanguage":"en-US","@id":"https:\/\/fehv.org\/#\/schema\/logo\/image\/","url":"https:\/\/fehv.org\/wp-content\/uploads\/2021\/03\/logo_fib-4.png","contentUrl":"https:\/\/fehv.org\/wp-content\/uploads\/2021\/03\/logo_fib-4.png","width":47,"height":73,"caption":"Fundaci\u00f3n para el Estudio de las Hepatitis Virales - FEHV"},"image":{"@id":"https:\/\/fehv.org\/#\/schema\/logo\/image\/"},"sameAs":["https:\/\/www.facebook.com\/pages\/Fundacion Para el Estudio de las Hepatitis Virales\/228605694153917\/"]},{"@type":"Person","@id":"https:\/\/fehv.org\/#\/schema\/person\/5e92ddd4a04516dab21fb5b6fa90b777","name":"ifranco","image":{"@type":"ImageObject","inLanguage":"en-US","@id":"https:\/\/fehv.org\/#\/schema\/person\/image\/","url":"https:\/\/secure.gravatar.com\/avatar\/aa877054d0216c55e7104c50647e81a8?s=96&d=mm&r=g","contentUrl":"https:\/\/secure.gravatar.com\/avatar\/aa877054d0216c55e7104c50647e81a8?s=96&d=mm&r=g","caption":"ifranco"}}]}},"_links":{"self":[{"href":"https:\/\/fehv.org\/en\/wp-json\/wp\/v2\/posts\/3509"}],"collection":[{"href":"https:\/\/fehv.org\/en\/wp-json\/wp\/v2\/posts"}],"about":[{"href":"https:\/\/fehv.org\/en\/wp-json\/wp\/v2\/types\/post"}],"author":[{"embeddable":true,"href":"https:\/\/fehv.org\/en\/wp-json\/wp\/v2\/users\/1"}],"replies":[{"embeddable":true,"href":"https:\/\/fehv.org\/en\/wp-json\/wp\/v2\/comments?post=3509"}],"version-history":[{"count":16,"href":"https:\/\/fehv.org\/en\/wp-json\/wp\/v2\/posts\/3509\/revisions"}],"predecessor-version":[{"id":3526,"href":"https:\/\/fehv.org\/en\/wp-json\/wp\/v2\/posts\/3509\/revisions\/3526"}],"wp:attachment":[{"href":"https:\/\/fehv.org\/en\/wp-json\/wp\/v2\/media?parent=3509"}],"wp:term":[{"taxonomy":"category","embeddable":true,"href":"https:\/\/fehv.org\/en\/wp-json\/wp\/v2\/categories?post=3509"},{"taxonomy":"post_tag","embeddable":true,"href":"https:\/\/fehv.org\/en\/wp-json\/wp\/v2\/tags?post=3509"}],"curies":[{"name":"wp","href":"https:\/\/api.w.org\/{rel}","templated":true}]}}