{"id":2388,"date":"2020-02-02T11:25:09","date_gmt":"2020-02-02T11:25:09","guid":{"rendered":"https:\/\/fehv.org\/infeccion-respiratoria-coronavirus-repercusion-en-el-higado\/"},"modified":"2020-03-20T20:09:51","modified_gmt":"2020-03-20T20:09:51","slug":"respiratory-infection-coronavirus-respercussion-in-the-liver","status":"publish","type":"post","link":"https:\/\/fehv.org\/en\/respiratory-infection-coronavirus-respercussion-in-the-liver\/","title":{"rendered":"Respiratory infection by the new coronavirus: respercussion in the liver?"},"content":{"rendered":"<p>In relation to the current outbreak of <strong>respiratory infection caused by a coronavirus<\/strong> in China and since it is due to a novel form of this virus, it is still unknown if this infection can also affect the liver. However, data on previous epidemics due to coronavirus are available. Thus, in an outbreak that also occurred in China similar to the present one, it was found that 24% of patients infected with coronavirus had increased <strong>transaminases<\/strong> (liver enzymes) levels when they entered the hospital.<\/p>\n<p>It should be noted that 9.5% of them showed a significant elevation of transaminases (5 times above the high limit of normality), 3% high bilirubin values \u200b\u200band 5% changes in prothrombin time. Subsequently, up to 69% of patients admitted for coronavirus infection showed an increase in transaminases. However, the evolution was favourable since during the hospitalization period, the great majority of them normalized the transaminases (71%) and the rest showed a tendency to decrease.<\/p>\n<p>&nbsp;<\/p>\n<h2><strong>Liver reaction to coronavirus action<\/strong><\/h2>\n<p>Patients who presented very high levels of liver enzymes had a higher mortality. However, in our opinion, this fact is explained by the greater severity of the respiratory infection that affected these patients rather than coronavirus could directly damage the liver causing hepatitis (inflammation of the liver).<\/p>\n<p>It is possible that the elevation of liver enzymes observed during <strong>coronavirus<\/strong> infection is reactive, <strong>as a defensive action of the organism to protect the vital functions of the liver<\/strong>.<\/p>\n<p>We will have to wait until we have data on the current outbreak to determine if, in addition to acute respiratory syndrome, this new virus is capable of producing permanent liver injury or, on the contrary, the lesion is transient with recovery without treatment, which seems most likely considering previous outbreaks of coronavirus infection.<\/p>\n<p>You can read a compilation of articles about the coronavirus in this <a href=\"https:\/\/www.nejm.org\/coronavirus\"><strong>link<\/strong><\/a>.<\/p>\n","protected":false},"excerpt":{"rendered":"Why do transaminases increase?","protected":false},"author":1,"featured_media":0,"comment_status":"closed","ping_status":"closed","sticky":false,"template":"","format":"standard","meta":{"_acf_changed":false,"footnotes":""},"categories":[1541,827,1458,917,621,1427],"tags":[],"class_list":["post-2388","post","type-post","status-publish","format-standard","hentry","category-covid-19-en","category-diseases","category-enfermedades-en","category-health","category-news","category-salud-en"],"acf":[],"yoast_head":"<!-- This site is optimized with the Yoast SEO Premium plugin v23.7 (Yoast SEO v23.7) - https:\/\/yoast.com\/wordpress\/plugins\/seo\/ -->\n<title>Respiratory infection by the new coronavirus: respercussion in the liver? - Cl\u00ednica FEHV<\/title>\n<meta name=\"description\" content=\"In the FEHV clinic we analyze the relationship between the new coronavirus and the increase in transaminases in the liver, risk and complications.\" \/>\n<meta name=\"robots\" content=\"index, follow, max-snippet:-1, max-image-preview:large, max-video-preview:-1\" \/>\n<link rel=\"canonical\" href=\"https:\/\/fehv.org\/en\/respiratory-infection-coronavirus-respercussion-in-the-liver\/\" \/>\n<meta property=\"og:locale\" content=\"en_US\" \/>\n<meta property=\"og:type\" content=\"article\" \/>\n<meta property=\"og:title\" content=\"Respiratory infection by the new coronavirus: respercussion in the liver?\" \/>\n<meta property=\"og:description\" content=\"In the FEHV clinic we analyze the relationship between the new coronavirus and the increase in transaminases in the liver, risk and complications.\" \/>\n<meta property=\"og:url\" content=\"https:\/\/fehv.org\/en\/respiratory-infection-coronavirus-respercussion-in-the-liver\/\" \/>\n<meta property=\"og:site_name\" content=\"Cl\u00ednica FEHV\" \/>\n<meta property=\"article:publisher\" content=\"https:\/\/www.facebook.com\/pages\/Fundacion%20Para%20el%20Estudio%20de%20las%20Hepatitis%20Virales\/228605694153917\/\" \/>\n<meta property=\"article:published_time\" content=\"2020-02-02T11:25:09+00:00\" \/>\n<meta property=\"article:modified_time\" content=\"2020-03-20T20:09:51+00:00\" \/>\n<meta property=\"og:image\" content=\"https:\/\/fehv.org\/wp-content\/uploads\/2020\/02\/coronavirus_transaminasas.jpg\" \/>\n\t<meta property=\"og:image:width\" content=\"1920\" \/>\n\t<meta property=\"og:image:height\" content=\"860\" \/>\n\t<meta property=\"og:image:type\" content=\"image\/jpeg\" \/>\n<meta name=\"author\" content=\"ifranco\" \/>\n<meta name=\"twitter:card\" content=\"summary_large_image\" \/>\n<meta name=\"twitter:label1\" content=\"Written by\" \/>\n\t<meta name=\"twitter:data1\" content=\"ifranco\" \/>\n\t<meta name=\"twitter:label2\" content=\"Est. reading time\" \/>\n\t<meta name=\"twitter:data2\" content=\"2 minutes\" \/>\n<script type=\"application\/ld+json\" class=\"yoast-schema-graph\">{\"@context\":\"https:\/\/schema.org\",\"@graph\":[{\"@type\":\"Article\",\"@id\":\"https:\/\/fehv.org\/en\/respiratory-infection-coronavirus-respercussion-in-the-liver\/#article\",\"isPartOf\":{\"@id\":\"https:\/\/fehv.org\/en\/respiratory-infection-coronavirus-respercussion-in-the-liver\/\"},\"author\":{\"name\":\"ifranco\",\"@id\":\"https:\/\/fehv.org\/#\/schema\/person\/5e92ddd4a04516dab21fb5b6fa90b777\"},\"headline\":\"Respiratory infection by the new coronavirus: respercussion in the liver?\",\"datePublished\":\"2020-02-02T11:25:09+00:00\",\"dateModified\":\"2020-03-20T20:09:51+00:00\",\"mainEntityOfPage\":{\"@id\":\"https:\/\/fehv.org\/en\/respiratory-infection-coronavirus-respercussion-in-the-liver\/\"},\"wordCount\":311,\"publisher\":{\"@id\":\"https:\/\/fehv.org\/#organization\"},\"articleSection\":[\"Covid-19\",\"Diseases\",\"Enfermedades\",\"Health\",\"News\",\"Salud\"],\"inLanguage\":\"en-US\"},{\"@type\":\"WebPage\",\"@id\":\"https:\/\/fehv.org\/en\/respiratory-infection-coronavirus-respercussion-in-the-liver\/\",\"url\":\"https:\/\/fehv.org\/en\/respiratory-infection-coronavirus-respercussion-in-the-liver\/\",\"name\":\"Respiratory infection by the new coronavirus: respercussion in the liver? - Cl\u00ednica FEHV\",\"isPartOf\":{\"@id\":\"https:\/\/fehv.org\/#website\"},\"datePublished\":\"2020-02-02T11:25:09+00:00\",\"dateModified\":\"2020-03-20T20:09:51+00:00\",\"description\":\"In the FEHV clinic we analyze the relationship between the new coronavirus and the increase in transaminases in the liver, risk and complications.\",\"breadcrumb\":{\"@id\":\"https:\/\/fehv.org\/en\/respiratory-infection-coronavirus-respercussion-in-the-liver\/#breadcrumb\"},\"inLanguage\":\"en-US\",\"potentialAction\":[{\"@type\":\"ReadAction\",\"target\":[\"https:\/\/fehv.org\/en\/respiratory-infection-coronavirus-respercussion-in-the-liver\/\"]}]},{\"@type\":\"BreadcrumbList\",\"@id\":\"https:\/\/fehv.org\/en\/respiratory-infection-coronavirus-respercussion-in-the-liver\/#breadcrumb\",\"itemListElement\":[{\"@type\":\"ListItem\",\"position\":1,\"name\":\"Portada\",\"item\":\"https:\/\/fehv.org\/en\/\"},{\"@type\":\"ListItem\",\"position\":2,\"name\":\"Respiratory infection by the new coronavirus: respercussion in the liver?\"}]},{\"@type\":\"WebSite\",\"@id\":\"https:\/\/fehv.org\/#website\",\"url\":\"https:\/\/fehv.org\/\",\"name\":\"Cl\u00ednica FEHV\",\"description\":\"Web de la Cl\u00ednica de la Fundaci\u00f3n para el Estudio de las Hepatitis Virales\",\"publisher\":{\"@id\":\"https:\/\/fehv.org\/#organization\"},\"potentialAction\":[{\"@type\":\"SearchAction\",\"target\":{\"@type\":\"EntryPoint\",\"urlTemplate\":\"https:\/\/fehv.org\/?s={search_term_string}\"},\"query-input\":{\"@type\":\"PropertyValueSpecification\",\"valueRequired\":true,\"valueName\":\"search_term_string\"}}],\"inLanguage\":\"en-US\"},{\"@type\":\"Organization\",\"@id\":\"https:\/\/fehv.org\/#organization\",\"name\":\"Fundaci\u00f3n para el Estudio de las Hepatitis Virales - FEHV\",\"url\":\"https:\/\/fehv.org\/\",\"logo\":{\"@type\":\"ImageObject\",\"inLanguage\":\"en-US\",\"@id\":\"https:\/\/fehv.org\/#\/schema\/logo\/image\/\",\"url\":\"https:\/\/fehv.org\/wp-content\/uploads\/2021\/03\/logo_fib-4.png\",\"contentUrl\":\"https:\/\/fehv.org\/wp-content\/uploads\/2021\/03\/logo_fib-4.png\",\"width\":47,\"height\":73,\"caption\":\"Fundaci\u00f3n para el Estudio de las Hepatitis Virales - FEHV\"},\"image\":{\"@id\":\"https:\/\/fehv.org\/#\/schema\/logo\/image\/\"},\"sameAs\":[\"https:\/\/www.facebook.com\/pages\/Fundacion Para el Estudio de las Hepatitis Virales\/228605694153917\/\"]},{\"@type\":\"Person\",\"@id\":\"https:\/\/fehv.org\/#\/schema\/person\/5e92ddd4a04516dab21fb5b6fa90b777\",\"name\":\"ifranco\",\"image\":{\"@type\":\"ImageObject\",\"inLanguage\":\"en-US\",\"@id\":\"https:\/\/fehv.org\/#\/schema\/person\/image\/\",\"url\":\"https:\/\/secure.gravatar.com\/avatar\/aa877054d0216c55e7104c50647e81a8?s=96&d=mm&r=g\",\"contentUrl\":\"https:\/\/secure.gravatar.com\/avatar\/aa877054d0216c55e7104c50647e81a8?s=96&d=mm&r=g\",\"caption\":\"ifranco\"}}]}<\/script>\n<!-- \/ Yoast SEO Premium plugin. -->","yoast_head_json":{"title":"Respiratory infection by the new coronavirus: respercussion in the liver? - Cl\u00ednica FEHV","description":"In the FEHV clinic we analyze the relationship between the new coronavirus and the increase in transaminases in the liver, risk and complications.","robots":{"index":"index","follow":"follow","max-snippet":"max-snippet:-1","max-image-preview":"max-image-preview:large","max-video-preview":"max-video-preview:-1"},"canonical":"https:\/\/fehv.org\/en\/respiratory-infection-coronavirus-respercussion-in-the-liver\/","og_locale":"en_US","og_type":"article","og_title":"Respiratory infection by the new coronavirus: respercussion in the liver?","og_description":"In the FEHV clinic we analyze the relationship between the new coronavirus and the increase in transaminases in the liver, risk and complications.","og_url":"https:\/\/fehv.org\/en\/respiratory-infection-coronavirus-respercussion-in-the-liver\/","og_site_name":"Cl\u00ednica FEHV","article_publisher":"https:\/\/www.facebook.com\/pages\/Fundacion%20Para%20el%20Estudio%20de%20las%20Hepatitis%20Virales\/228605694153917\/","article_published_time":"2020-02-02T11:25:09+00:00","article_modified_time":"2020-03-20T20:09:51+00:00","og_image":[{"width":1920,"height":860,"url":"https:\/\/fehv.org\/wp-content\/uploads\/2020\/02\/coronavirus_transaminasas.jpg","type":"image\/jpeg"}],"author":"ifranco","twitter_card":"summary_large_image","twitter_misc":{"Written by":"ifranco","Est. reading time":"2 minutes"},"schema":{"@context":"https:\/\/schema.org","@graph":[{"@type":"Article","@id":"https:\/\/fehv.org\/en\/respiratory-infection-coronavirus-respercussion-in-the-liver\/#article","isPartOf":{"@id":"https:\/\/fehv.org\/en\/respiratory-infection-coronavirus-respercussion-in-the-liver\/"},"author":{"name":"ifranco","@id":"https:\/\/fehv.org\/#\/schema\/person\/5e92ddd4a04516dab21fb5b6fa90b777"},"headline":"Respiratory infection by the new coronavirus: respercussion in the liver?","datePublished":"2020-02-02T11:25:09+00:00","dateModified":"2020-03-20T20:09:51+00:00","mainEntityOfPage":{"@id":"https:\/\/fehv.org\/en\/respiratory-infection-coronavirus-respercussion-in-the-liver\/"},"wordCount":311,"publisher":{"@id":"https:\/\/fehv.org\/#organization"},"articleSection":["Covid-19","Diseases","Enfermedades","Health","News","Salud"],"inLanguage":"en-US"},{"@type":"WebPage","@id":"https:\/\/fehv.org\/en\/respiratory-infection-coronavirus-respercussion-in-the-liver\/","url":"https:\/\/fehv.org\/en\/respiratory-infection-coronavirus-respercussion-in-the-liver\/","name":"Respiratory infection by the new coronavirus: respercussion in the liver? - Cl\u00ednica FEHV","isPartOf":{"@id":"https:\/\/fehv.org\/#website"},"datePublished":"2020-02-02T11:25:09+00:00","dateModified":"2020-03-20T20:09:51+00:00","description":"In the FEHV clinic we analyze the relationship between the new coronavirus and the increase in transaminases in the liver, risk and complications.","breadcrumb":{"@id":"https:\/\/fehv.org\/en\/respiratory-infection-coronavirus-respercussion-in-the-liver\/#breadcrumb"},"inLanguage":"en-US","potentialAction":[{"@type":"ReadAction","target":["https:\/\/fehv.org\/en\/respiratory-infection-coronavirus-respercussion-in-the-liver\/"]}]},{"@type":"BreadcrumbList","@id":"https:\/\/fehv.org\/en\/respiratory-infection-coronavirus-respercussion-in-the-liver\/#breadcrumb","itemListElement":[{"@type":"ListItem","position":1,"name":"Portada","item":"https:\/\/fehv.org\/en\/"},{"@type":"ListItem","position":2,"name":"Respiratory infection by the new coronavirus: respercussion in the liver?"}]},{"@type":"WebSite","@id":"https:\/\/fehv.org\/#website","url":"https:\/\/fehv.org\/","name":"Cl\u00ednica FEHV","description":"Web de la Cl\u00ednica de la Fundaci\u00f3n para el Estudio de las Hepatitis Virales","publisher":{"@id":"https:\/\/fehv.org\/#organization"},"potentialAction":[{"@type":"SearchAction","target":{"@type":"EntryPoint","urlTemplate":"https:\/\/fehv.org\/?s={search_term_string}"},"query-input":{"@type":"PropertyValueSpecification","valueRequired":true,"valueName":"search_term_string"}}],"inLanguage":"en-US"},{"@type":"Organization","@id":"https:\/\/fehv.org\/#organization","name":"Fundaci\u00f3n para el Estudio de las Hepatitis Virales - FEHV","url":"https:\/\/fehv.org\/","logo":{"@type":"ImageObject","inLanguage":"en-US","@id":"https:\/\/fehv.org\/#\/schema\/logo\/image\/","url":"https:\/\/fehv.org\/wp-content\/uploads\/2021\/03\/logo_fib-4.png","contentUrl":"https:\/\/fehv.org\/wp-content\/uploads\/2021\/03\/logo_fib-4.png","width":47,"height":73,"caption":"Fundaci\u00f3n para el Estudio de las Hepatitis Virales - FEHV"},"image":{"@id":"https:\/\/fehv.org\/#\/schema\/logo\/image\/"},"sameAs":["https:\/\/www.facebook.com\/pages\/Fundacion Para el Estudio de las Hepatitis Virales\/228605694153917\/"]},{"@type":"Person","@id":"https:\/\/fehv.org\/#\/schema\/person\/5e92ddd4a04516dab21fb5b6fa90b777","name":"ifranco","image":{"@type":"ImageObject","inLanguage":"en-US","@id":"https:\/\/fehv.org\/#\/schema\/person\/image\/","url":"https:\/\/secure.gravatar.com\/avatar\/aa877054d0216c55e7104c50647e81a8?s=96&d=mm&r=g","contentUrl":"https:\/\/secure.gravatar.com\/avatar\/aa877054d0216c55e7104c50647e81a8?s=96&d=mm&r=g","caption":"ifranco"}}]}},"_links":{"self":[{"href":"https:\/\/fehv.org\/en\/wp-json\/wp\/v2\/posts\/2388"}],"collection":[{"href":"https:\/\/fehv.org\/en\/wp-json\/wp\/v2\/posts"}],"about":[{"href":"https:\/\/fehv.org\/en\/wp-json\/wp\/v2\/types\/post"}],"author":[{"embeddable":true,"href":"https:\/\/fehv.org\/en\/wp-json\/wp\/v2\/users\/1"}],"replies":[{"embeddable":true,"href":"https:\/\/fehv.org\/en\/wp-json\/wp\/v2\/comments?post=2388"}],"version-history":[{"count":3,"href":"https:\/\/fehv.org\/en\/wp-json\/wp\/v2\/posts\/2388\/revisions"}],"predecessor-version":[{"id":2391,"href":"https:\/\/fehv.org\/en\/wp-json\/wp\/v2\/posts\/2388\/revisions\/2391"}],"wp:attachment":[{"href":"https:\/\/fehv.org\/en\/wp-json\/wp\/v2\/media?parent=2388"}],"wp:term":[{"taxonomy":"category","embeddable":true,"href":"https:\/\/fehv.org\/en\/wp-json\/wp\/v2\/categories?post=2388"},{"taxonomy":"post_tag","embeddable":true,"href":"https:\/\/fehv.org\/en\/wp-json\/wp\/v2\/tags?post=2388"}],"curies":[{"name":"wp","href":"https:\/\/api.w.org\/{rel}","templated":true}]}}