{"id":1731,"date":"2018-08-23T18:37:30","date_gmt":"2018-08-23T18:37:30","guid":{"rendered":"https:\/\/fehv.org\/?p=1731"},"modified":"2018-08-23T18:37:30","modified_gmt":"2018-08-23T18:37:30","slug":"hepatitis-c-challenge-for-health","status":"publish","type":"post","link":"https:\/\/fehv.org\/en\/hepatitis-c-challenge-for-health\/","title":{"rendered":"Hepatitis C: challenge for Health"},"content":{"rendered":"<p>After the intervention of different specialists from the political, health, clinical, patient and media environment, some questions were addressed to know how this issue is being addressed from different sectors, and what changes would have to occur to manage optimally the situation. Among the aspects that were discussed are the mission of each of the agents involved in this management, equity in access to Hepatitis C treatments, the situation at the national and regional level, research, coverage of generalist media and specialized.<\/p>\n<p>The program was the following:<\/p>\n<p>09:30 h OPENING<br \/>\nModerators:<br \/>\nJos\u00e9 Manuel Gonz\u00e1lez Huesa, General Director of SERVIMEDIA<br \/>\nAnt\u00f3n Herreros, General Director of FUINSA.<br \/>\nParticipants:<br \/>\nVicente Carre\u00f1o, President of the Foundation for the Study of Viral Hepatitis.<br \/>\nJos\u00e9 Mart\u00ednez Olmos, Spokesman of the Health Commission of the Socialist Group. Deputy for<br \/>\nPomegranate.<br \/>\nJos\u00e9 Mar\u00eda Alonso, 1st Secretary of the Health and Social Services Commission. Group<br \/>\nPopular. Deputy for Cantabria.<br \/>\nCristina Ibarrola, Managing Director of the Navarra Health System.<br \/>\nEmilio de Benito, Editor in charge of El Pa\u00eds newspaper. Collaborator Cadena SER.<br \/>\nFrancisco J. Fern\u00e1ndez, Director of Pharmaceutical Post and Medical Journal.<br \/>\nBego\u00f1a Barrag\u00e1n, Member of the Board of Directors of the Spanish Patients Forum.<br \/>\n11:30 CLOSING<\/p>\n","protected":false},"excerpt":{"rendered":"We participated in the conversation Hepatitis C: Challenge for health, promoted by Fuinsa and Servimedia and that took place in the Press Association of Madrid.","protected":false},"author":1,"featured_media":0,"comment_status":"closed","ping_status":"closed","sticky":false,"template":"","format":"standard","meta":{"_acf_changed":false,"footnotes":""},"categories":[622],"tags":[],"class_list":["post-1731","post","type-post","status-publish","format-standard","hentry","category-hepatitis-c-en"],"acf":[],"yoast_head":"<!-- This site is optimized with the Yoast SEO Premium plugin v23.7 (Yoast SEO v23.7) - https:\/\/yoast.com\/wordpress\/plugins\/seo\/ -->\n<title>Hepatitis C: challenge for Health - Cl\u00ednica FEHV<\/title>\n<meta name=\"robots\" content=\"index, follow, max-snippet:-1, max-image-preview:large, max-video-preview:-1\" \/>\n<link rel=\"canonical\" href=\"https:\/\/fehv.org\/en\/hepatitis-c-challenge-for-health\/\" \/>\n<meta property=\"og:locale\" content=\"en_US\" \/>\n<meta property=\"og:type\" content=\"article\" \/>\n<meta property=\"og:title\" content=\"Hepatitis C: challenge for Health\" \/>\n<meta property=\"og:description\" content=\"We participated in the conversation Hepatitis C: Challenge for health, promoted by Fuinsa and Servimedia and that took place in the Press Association of Madrid.\" \/>\n<meta property=\"og:url\" content=\"https:\/\/fehv.org\/en\/hepatitis-c-challenge-for-health\/\" \/>\n<meta property=\"og:site_name\" content=\"Cl\u00ednica FEHV\" \/>\n<meta property=\"article:publisher\" content=\"https:\/\/www.facebook.com\/pages\/Fundacion%20Para%20el%20Estudio%20de%20las%20Hepatitis%20Virales\/228605694153917\/\" \/>\n<meta property=\"article:published_time\" content=\"2018-08-23T18:37:30+00:00\" \/>\n<meta property=\"og:image\" content=\"https:\/\/fehv.org\/wp-content\/uploads\/2018\/07\/Coloquio-FUINSA-350x350.jpg\" \/>\n\t<meta property=\"og:image:width\" content=\"350\" \/>\n\t<meta property=\"og:image:height\" content=\"350\" \/>\n\t<meta property=\"og:image:type\" content=\"image\/jpeg\" \/>\n<meta name=\"author\" content=\"ifranco\" \/>\n<meta name=\"twitter:card\" content=\"summary_large_image\" \/>\n<meta name=\"twitter:label1\" content=\"Written by\" \/>\n\t<meta name=\"twitter:data1\" content=\"ifranco\" \/>\n\t<meta name=\"twitter:label2\" content=\"Est. reading time\" \/>\n\t<meta name=\"twitter:data2\" content=\"1 minute\" \/>\n<script type=\"application\/ld+json\" class=\"yoast-schema-graph\">{\"@context\":\"https:\/\/schema.org\",\"@graph\":[{\"@type\":\"Article\",\"@id\":\"https:\/\/fehv.org\/en\/hepatitis-c-challenge-for-health\/#article\",\"isPartOf\":{\"@id\":\"https:\/\/fehv.org\/en\/hepatitis-c-challenge-for-health\/\"},\"author\":{\"name\":\"ifranco\",\"@id\":\"https:\/\/fehv.org\/#\/schema\/person\/5e92ddd4a04516dab21fb5b6fa90b777\"},\"headline\":\"Hepatitis C: challenge for Health\",\"datePublished\":\"2018-08-23T18:37:30+00:00\",\"dateModified\":\"2018-08-23T18:37:30+00:00\",\"mainEntityOfPage\":{\"@id\":\"https:\/\/fehv.org\/en\/hepatitis-c-challenge-for-health\/\"},\"wordCount\":209,\"publisher\":{\"@id\":\"https:\/\/fehv.org\/#organization\"},\"articleSection\":[\"Hepatitis-C\"],\"inLanguage\":\"en-US\"},{\"@type\":\"WebPage\",\"@id\":\"https:\/\/fehv.org\/en\/hepatitis-c-challenge-for-health\/\",\"url\":\"https:\/\/fehv.org\/en\/hepatitis-c-challenge-for-health\/\",\"name\":\"Hepatitis C: challenge for Health - Cl\u00ednica FEHV\",\"isPartOf\":{\"@id\":\"https:\/\/fehv.org\/#website\"},\"datePublished\":\"2018-08-23T18:37:30+00:00\",\"dateModified\":\"2018-08-23T18:37:30+00:00\",\"breadcrumb\":{\"@id\":\"https:\/\/fehv.org\/en\/hepatitis-c-challenge-for-health\/#breadcrumb\"},\"inLanguage\":\"en-US\",\"potentialAction\":[{\"@type\":\"ReadAction\",\"target\":[\"https:\/\/fehv.org\/en\/hepatitis-c-challenge-for-health\/\"]}]},{\"@type\":\"BreadcrumbList\",\"@id\":\"https:\/\/fehv.org\/en\/hepatitis-c-challenge-for-health\/#breadcrumb\",\"itemListElement\":[{\"@type\":\"ListItem\",\"position\":1,\"name\":\"Portada\",\"item\":\"https:\/\/fehv.org\/en\/\"},{\"@type\":\"ListItem\",\"position\":2,\"name\":\"Hepatitis C: challenge for Health\"}]},{\"@type\":\"WebSite\",\"@id\":\"https:\/\/fehv.org\/#website\",\"url\":\"https:\/\/fehv.org\/\",\"name\":\"Cl\u00ednica FEHV\",\"description\":\"Web de la Cl\u00ednica de la Fundaci\u00f3n para el Estudio de las Hepatitis Virales\",\"publisher\":{\"@id\":\"https:\/\/fehv.org\/#organization\"},\"potentialAction\":[{\"@type\":\"SearchAction\",\"target\":{\"@type\":\"EntryPoint\",\"urlTemplate\":\"https:\/\/fehv.org\/?s={search_term_string}\"},\"query-input\":{\"@type\":\"PropertyValueSpecification\",\"valueRequired\":true,\"valueName\":\"search_term_string\"}}],\"inLanguage\":\"en-US\"},{\"@type\":\"Organization\",\"@id\":\"https:\/\/fehv.org\/#organization\",\"name\":\"Fundaci\u00f3n para el Estudio de las Hepatitis Virales - FEHV\",\"url\":\"https:\/\/fehv.org\/\",\"logo\":{\"@type\":\"ImageObject\",\"inLanguage\":\"en-US\",\"@id\":\"https:\/\/fehv.org\/#\/schema\/logo\/image\/\",\"url\":\"https:\/\/fehv.org\/wp-content\/uploads\/2021\/03\/logo_fib-4.png\",\"contentUrl\":\"https:\/\/fehv.org\/wp-content\/uploads\/2021\/03\/logo_fib-4.png\",\"width\":47,\"height\":73,\"caption\":\"Fundaci\u00f3n para el Estudio de las Hepatitis Virales - FEHV\"},\"image\":{\"@id\":\"https:\/\/fehv.org\/#\/schema\/logo\/image\/\"},\"sameAs\":[\"https:\/\/www.facebook.com\/pages\/Fundacion Para el Estudio de las Hepatitis Virales\/228605694153917\/\"]},{\"@type\":\"Person\",\"@id\":\"https:\/\/fehv.org\/#\/schema\/person\/5e92ddd4a04516dab21fb5b6fa90b777\",\"name\":\"ifranco\",\"image\":{\"@type\":\"ImageObject\",\"inLanguage\":\"en-US\",\"@id\":\"https:\/\/fehv.org\/#\/schema\/person\/image\/\",\"url\":\"https:\/\/secure.gravatar.com\/avatar\/aa877054d0216c55e7104c50647e81a8?s=96&d=mm&r=g\",\"contentUrl\":\"https:\/\/secure.gravatar.com\/avatar\/aa877054d0216c55e7104c50647e81a8?s=96&d=mm&r=g\",\"caption\":\"ifranco\"}}]}<\/script>\n<!-- \/ Yoast SEO Premium plugin. -->","yoast_head_json":{"title":"Hepatitis C: challenge for Health - Cl\u00ednica FEHV","robots":{"index":"index","follow":"follow","max-snippet":"max-snippet:-1","max-image-preview":"max-image-preview:large","max-video-preview":"max-video-preview:-1"},"canonical":"https:\/\/fehv.org\/en\/hepatitis-c-challenge-for-health\/","og_locale":"en_US","og_type":"article","og_title":"Hepatitis C: challenge for Health","og_description":"We participated in the conversation Hepatitis C: Challenge for health, promoted by Fuinsa and Servimedia and that took place in the Press Association of Madrid.","og_url":"https:\/\/fehv.org\/en\/hepatitis-c-challenge-for-health\/","og_site_name":"Cl\u00ednica FEHV","article_publisher":"https:\/\/www.facebook.com\/pages\/Fundacion%20Para%20el%20Estudio%20de%20las%20Hepatitis%20Virales\/228605694153917\/","article_published_time":"2018-08-23T18:37:30+00:00","og_image":[{"width":350,"height":350,"url":"https:\/\/fehv.org\/wp-content\/uploads\/2018\/07\/Coloquio-FUINSA-350x350.jpg","type":"image\/jpeg"}],"author":"ifranco","twitter_card":"summary_large_image","twitter_misc":{"Written by":"ifranco","Est. reading time":"1 minute"},"schema":{"@context":"https:\/\/schema.org","@graph":[{"@type":"Article","@id":"https:\/\/fehv.org\/en\/hepatitis-c-challenge-for-health\/#article","isPartOf":{"@id":"https:\/\/fehv.org\/en\/hepatitis-c-challenge-for-health\/"},"author":{"name":"ifranco","@id":"https:\/\/fehv.org\/#\/schema\/person\/5e92ddd4a04516dab21fb5b6fa90b777"},"headline":"Hepatitis C: challenge for Health","datePublished":"2018-08-23T18:37:30+00:00","dateModified":"2018-08-23T18:37:30+00:00","mainEntityOfPage":{"@id":"https:\/\/fehv.org\/en\/hepatitis-c-challenge-for-health\/"},"wordCount":209,"publisher":{"@id":"https:\/\/fehv.org\/#organization"},"articleSection":["Hepatitis-C"],"inLanguage":"en-US"},{"@type":"WebPage","@id":"https:\/\/fehv.org\/en\/hepatitis-c-challenge-for-health\/","url":"https:\/\/fehv.org\/en\/hepatitis-c-challenge-for-health\/","name":"Hepatitis C: challenge for Health - Cl\u00ednica FEHV","isPartOf":{"@id":"https:\/\/fehv.org\/#website"},"datePublished":"2018-08-23T18:37:30+00:00","dateModified":"2018-08-23T18:37:30+00:00","breadcrumb":{"@id":"https:\/\/fehv.org\/en\/hepatitis-c-challenge-for-health\/#breadcrumb"},"inLanguage":"en-US","potentialAction":[{"@type":"ReadAction","target":["https:\/\/fehv.org\/en\/hepatitis-c-challenge-for-health\/"]}]},{"@type":"BreadcrumbList","@id":"https:\/\/fehv.org\/en\/hepatitis-c-challenge-for-health\/#breadcrumb","itemListElement":[{"@type":"ListItem","position":1,"name":"Portada","item":"https:\/\/fehv.org\/en\/"},{"@type":"ListItem","position":2,"name":"Hepatitis C: challenge for Health"}]},{"@type":"WebSite","@id":"https:\/\/fehv.org\/#website","url":"https:\/\/fehv.org\/","name":"Cl\u00ednica FEHV","description":"Web de la Cl\u00ednica de la Fundaci\u00f3n para el Estudio de las Hepatitis Virales","publisher":{"@id":"https:\/\/fehv.org\/#organization"},"potentialAction":[{"@type":"SearchAction","target":{"@type":"EntryPoint","urlTemplate":"https:\/\/fehv.org\/?s={search_term_string}"},"query-input":{"@type":"PropertyValueSpecification","valueRequired":true,"valueName":"search_term_string"}}],"inLanguage":"en-US"},{"@type":"Organization","@id":"https:\/\/fehv.org\/#organization","name":"Fundaci\u00f3n para el Estudio de las Hepatitis Virales - FEHV","url":"https:\/\/fehv.org\/","logo":{"@type":"ImageObject","inLanguage":"en-US","@id":"https:\/\/fehv.org\/#\/schema\/logo\/image\/","url":"https:\/\/fehv.org\/wp-content\/uploads\/2021\/03\/logo_fib-4.png","contentUrl":"https:\/\/fehv.org\/wp-content\/uploads\/2021\/03\/logo_fib-4.png","width":47,"height":73,"caption":"Fundaci\u00f3n para el Estudio de las Hepatitis Virales - FEHV"},"image":{"@id":"https:\/\/fehv.org\/#\/schema\/logo\/image\/"},"sameAs":["https:\/\/www.facebook.com\/pages\/Fundacion Para el Estudio de las Hepatitis Virales\/228605694153917\/"]},{"@type":"Person","@id":"https:\/\/fehv.org\/#\/schema\/person\/5e92ddd4a04516dab21fb5b6fa90b777","name":"ifranco","image":{"@type":"ImageObject","inLanguage":"en-US","@id":"https:\/\/fehv.org\/#\/schema\/person\/image\/","url":"https:\/\/secure.gravatar.com\/avatar\/aa877054d0216c55e7104c50647e81a8?s=96&d=mm&r=g","contentUrl":"https:\/\/secure.gravatar.com\/avatar\/aa877054d0216c55e7104c50647e81a8?s=96&d=mm&r=g","caption":"ifranco"}}]}},"_links":{"self":[{"href":"https:\/\/fehv.org\/en\/wp-json\/wp\/v2\/posts\/1731"}],"collection":[{"href":"https:\/\/fehv.org\/en\/wp-json\/wp\/v2\/posts"}],"about":[{"href":"https:\/\/fehv.org\/en\/wp-json\/wp\/v2\/types\/post"}],"author":[{"embeddable":true,"href":"https:\/\/fehv.org\/en\/wp-json\/wp\/v2\/users\/1"}],"replies":[{"embeddable":true,"href":"https:\/\/fehv.org\/en\/wp-json\/wp\/v2\/comments?post=1731"}],"version-history":[{"count":1,"href":"https:\/\/fehv.org\/en\/wp-json\/wp\/v2\/posts\/1731\/revisions"}],"predecessor-version":[{"id":1732,"href":"https:\/\/fehv.org\/en\/wp-json\/wp\/v2\/posts\/1731\/revisions\/1732"}],"wp:attachment":[{"href":"https:\/\/fehv.org\/en\/wp-json\/wp\/v2\/media?parent=1731"}],"wp:term":[{"taxonomy":"category","embeddable":true,"href":"https:\/\/fehv.org\/en\/wp-json\/wp\/v2\/categories?post=1731"},{"taxonomy":"post_tag","embeddable":true,"href":"https:\/\/fehv.org\/en\/wp-json\/wp\/v2\/tags?post=1731"}],"curies":[{"name":"wp","href":"https:\/\/api.w.org\/{rel}","templated":true}]}}